{
    "id": 7510,
    "date": "2025-06-16T09:48:06",
    "date_gmt": "2025-06-16T06:48:06",
    "guid": {
        "rendered": "https:\/\/visitoulu.fi\/?p=7510"
    },
    "modified": "2025-06-30T13:55:52",
    "modified_gmt": "2025-06-30T10:55:52",
    "slug": "kesa-tekemista-tapahtumat-oulussa2025",
    "status": "publish",
    "type": "post",
    "link": "http:\/\/visitoulufi-2025-10-14_10_27_17.test.cchosting.fi\/fi\/kesa-tekemista-tapahtumat-oulussa2025\/",
    "title": {
        "rendered": "Oulun kes\u00e4 2025 \u2013 10 vinkki\u00e4: koe ainakin n\u00e4m\u00e4 kes\u00e4kohteet, tapahtumat ja el\u00e4mykset Oulussa t\u00e4n\u00e4 kes\u00e4n\u00e4!"
    },
    "content": {
        "rendered": "<p>T\u00e4n\u00e4 kes\u00e4n\u00e4 Oulussa vietet\u00e4\u00e4n kaikkien aikojen tapahtumakes\u00e4\u00e4! Oulu on Euroopan kulttuurip\u00e4\u00e4kaupunki vuonna 2026, ja juhlavuoden l\u00e4hestyess\u00e4 kaupunki tapahtumineen ja kes\u00e4isine kohteineen her\u00e4\u00e4 eloon uudella tavalla. Nallikarissa meren \u00e4\u00e4rell\u00e4 viihdyt\u00e4\u00e4n uudella aurinkoterassilla ja entist\u00e4kin kattavampien palveluiden parissa. Oulujokisuisto kuhisee el\u00e4m\u00e4\u00e4 kelluvine saunoineen. Kes\u00e4kahvilat ja ulkomuseot avaavat ovensa, ja Pikisaaressa inspiroidutaan kuvankauniilla taidepolulla. L\u00f6yd\u00e4t t\u00e4st\u00e4 artikkelista 10 hyv\u00e4\u00e4 syyt\u00e4 matkustaa Ouluun t\u00e4n\u00e4 kes\u00e4n\u00e4!<\/p>\n\n\n\n<p><\/p>",
        "protected": false
    },
    "excerpt": {
        "rendered": "<p>T\u00e4n\u00e4 kes\u00e4n\u00e4 Oulussa vietet\u00e4\u00e4n kaikkien aikojen tapahtumakes\u00e4\u00e4! Oulu on Euroopan kulttuurip\u00e4\u00e4kaupunki vuonna 2026, ja juhlavuoden l\u00e4hestyess\u00e4 kaupunki tapahtumineen ja kes\u00e4isine kohteineen her\u00e4\u00e4 eloon uudella tavalla. Nallikarissa meren \u00e4\u00e4rell\u00e4 viihdyt\u00e4\u00e4n uudella aurinkoterassilla ja entist\u00e4kin kattavampien palveluiden parissa. Oulujokisuisto kuhisee el\u00e4m\u00e4\u00e4 kelluvine saunoineen. Kes\u00e4kahvilat ja ulkomuseot avaavat ovensa, ja Pikisaaressa inspiroidutaan kuvankauniilla taidepolulla. L\u00f6yd\u00e4t t\u00e4st\u00e4 artikkelista 10 [&#8230;]<\/p>\n<p><a class=\"btn btn-secondary understrap-read-more-link\" href=\"http:\/\/visitoulufi-2025-10-14_10_27_17.test.cchosting.fi\/fi\/kesa-tekemista-tapahtumat-oulussa2025\/\">Lue lis\u00e4\u00e4&#8230;<span class=\"screen-reader-text\"> from Oulun kes\u00e4 2025 \u2013 10 vinkki\u00e4: koe ainakin n\u00e4m\u00e4 kes\u00e4kohteet, tapahtumat ja el\u00e4mykset Oulussa t\u00e4n\u00e4 kes\u00e4n\u00e4!<\/span><\/a><\/p>",
        "protected": false
    },
    "author": 16,
    "featured_media": 7649,
    "comment_status": "closed",
    "ping_status": "open",
    "sticky": false,
    "template": "",
    "format": "standard",
    "meta": {
        "_acf_changed": false,
        "content-type": "",
        "footnotes": ""
    },
    "categories": [
        111
    ],
    "tags": [],
    "coauthors": [
        170
    ],
    "class_list": [
        "post-7510",
        "post",
        "type-post",
        "status-publish",
        "format-standard",
        "has-post-thumbnail",
        "hentry",
        "category-naekoe"
    ],
    "acf": [],
    "yoast_head": "<!-- This site is optimized with the Yoast SEO plugin v26.0 - https:\/\/yoast.com\/wordpress\/plugins\/seo\/ -->\n<title>Oulun kes\u00e4 2025 \u2013 10 vinkki\u00e4: koe ainakin n\u00e4m\u00e4 kes\u00e4kohteet, tapahtumat ja el\u00e4mykset Oulussa t\u00e4n\u00e4 kes\u00e4n\u00e4! - Visit Oulu<\/title>\n<meta name=\"description\" content=\"T\u00e4n\u00e4 kes\u00e4n\u00e4 Oulussa vietet\u00e4\u00e4n kaikkien aikojen tapahtumakes\u00e4\u00e4! Oulu on Euroopan kulttuurip\u00e4\u00e4kaupunki vuonna 2026.\" \/>\n<meta name=\"robots\" content=\"index, follow, max-snippet:-1, max-image-preview:large, max-video-preview:-1\" \/>\n<link rel=\"canonical\" href=\"https:\/\/visitoulufi-2025-10-14_10_27_17.test.cchosting.fi\/fi\/kesa-tekemista-tapahtumat-oulussa2025\/\" \/>\n<meta property=\"og:locale\" content=\"fi_FI\" \/>\n<meta property=\"og:type\" content=\"article\" \/>\n<meta property=\"og:title\" content=\"Oulun kes\u00e4 2025 \u2013 10 vinkki\u00e4: koe ainakin n\u00e4m\u00e4 kes\u00e4kohteet, tapahtumat ja el\u00e4mykset Oulussa t\u00e4n\u00e4 kes\u00e4n\u00e4! - Visit Oulu\" \/>\n<meta property=\"og:description\" content=\"T\u00e4n\u00e4 kes\u00e4n\u00e4 Oulussa vietet\u00e4\u00e4n kaikkien aikojen tapahtumakes\u00e4\u00e4! Oulu on Euroopan kulttuurip\u00e4\u00e4kaupunki vuonna 2026.\" \/>\n<meta property=\"og:url\" content=\"https:\/\/visitoulufi-2025-10-14_10_27_17.test.cchosting.fi\/fi\/kesa-tekemista-tapahtumat-oulussa2025\/\" \/>\n<meta property=\"og:site_name\" content=\"Visit Oulu\" \/>\n<meta property=\"article:published_time\" content=\"2025-06-16T06:48:06+00:00\" \/>\n<meta property=\"article:modified_time\" content=\"2025-06-30T10:55:52+00:00\" \/>\n<meta property=\"og:image\" content=\"https:\/\/visitoulufi-2025-10-14_10_27_17.test.cchosting.fi\/wp-content\/uploads\/2024\/05\/PIKISAARI.jpg\" \/>\n\t<meta property=\"og:image:width\" content=\"1152\" \/>\n\t<meta property=\"og:image:height\" content=\"1536\" \/>\n\t<meta property=\"og:image:type\" content=\"image\/jpeg\" \/>\n<meta name=\"author\" content=\"Martta Tervonen\" \/>\n<meta name=\"twitter:card\" content=\"summary_large_image\" \/>\n<meta name=\"twitter:label1\" content=\"Kirjoittanut\" \/>\n\t<meta name=\"twitter:data1\" content=\"Martta Tervonen\" \/>\n\t<meta name=\"twitter:label2\" content=\"Arvioitu lukuaika\" \/>\n\t<meta name=\"twitter:data2\" content=\"15 minuuttia\" \/>\n\t<meta name=\"twitter:label3\" content=\"Written by\" \/>\n\t<meta name=\"twitter:data3\" content=\"Martta Tervonen\" \/>\n<script type=\"application\/ld+json\" class=\"yoast-schema-graph\">{\"@context\":\"https:\/\/schema.org\",\"@graph\":[{\"@type\":\"WebPage\",\"@id\":\"https:\/\/visitoulufi-2025-10-14_10_27_17.test.cchosting.fi\/kesa-tekemista-tapahtumat-oulussa2025\/\",\"url\":\"https:\/\/visitoulufi-2025-10-14_10_27_17.test.cchosting.fi\/kesa-tekemista-tapahtumat-oulussa2025\/\",\"name\":\"Oulun kes\u00e4 2025 \u2013 10 vinkki\u00e4: koe ainakin n\u00e4m\u00e4 kes\u00e4kohteet, tapahtumat ja el\u00e4mykset Oulussa t\u00e4n\u00e4 kes\u00e4n\u00e4! - Visit Oulu\",\"isPartOf\":{\"@id\":\"https:\/\/visitoulufi-2025-10-14_10_27_17.test.cchosting.fi\/#website\"},\"primaryImageOfPage\":{\"@id\":\"https:\/\/visitoulufi-2025-10-14_10_27_17.test.cchosting.fi\/kesa-tekemista-tapahtumat-oulussa2025\/#primaryimage\"},\"image\":{\"@id\":\"https:\/\/visitoulufi-2025-10-14_10_27_17.test.cchosting.fi\/kesa-tekemista-tapahtumat-oulussa2025\/#primaryimage\"},\"thumbnailUrl\":\"https:\/\/visitoulufi-2025-10-14_10_27_17.test.cchosting.fi\/wp-content\/uploads\/2024\/05\/PIKISAARI.jpg\",\"datePublished\":\"2025-06-16T06:48:06+00:00\",\"dateModified\":\"2025-06-30T10:55:52+00:00\",\"author\":{\"@id\":\"https:\/\/visitoulufi-2025-10-14_10_27_17.test.cchosting.fi\/#\/schema\/person\/e4fa22cddd885815635ef576a4671ea5\"},\"description\":\"T\u00e4n\u00e4 kes\u00e4n\u00e4 Oulussa vietet\u00e4\u00e4n kaikkien aikojen tapahtumakes\u00e4\u00e4! Oulu on Euroopan kulttuurip\u00e4\u00e4kaupunki vuonna 2026.\",\"breadcrumb\":{\"@id\":\"https:\/\/visitoulufi-2025-10-14_10_27_17.test.cchosting.fi\/kesa-tekemista-tapahtumat-oulussa2025\/#breadcrumb\"},\"inLanguage\":\"fi\",\"potentialAction\":[{\"@type\":\"ReadAction\",\"target\":[\"https:\/\/visitoulufi-2025-10-14_10_27_17.test.cchosting.fi\/kesa-tekemista-tapahtumat-oulussa2025\/\"]}]},{\"@type\":\"ImageObject\",\"inLanguage\":\"fi\",\"@id\":\"https:\/\/visitoulufi-2025-10-14_10_27_17.test.cchosting.fi\/kesa-tekemista-tapahtumat-oulussa2025\/#primaryimage\",\"url\":\"https:\/\/visitoulufi-2025-10-14_10_27_17.test.cchosting.fi\/wp-content\/uploads\/2024\/05\/PIKISAARI.jpg\",\"contentUrl\":\"https:\/\/visitoulufi-2025-10-14_10_27_17.test.cchosting.fi\/wp-content\/uploads\/2024\/05\/PIKISAARI.jpg\",\"width\":1152,\"height\":1536},{\"@type\":\"BreadcrumbList\",\"@id\":\"https:\/\/visitoulufi-2025-10-14_10_27_17.test.cchosting.fi\/kesa-tekemista-tapahtumat-oulussa2025\/#breadcrumb\",\"itemListElement\":[{\"@type\":\"ListItem\",\"position\":1,\"name\":\"Etusivu\",\"item\":\"https:\/\/visitoulufi-2025-10-14_10_27_17.test.cchosting.fi\/\"},{\"@type\":\"ListItem\",\"position\":2,\"name\":\"Oulun kes\u00e4 2025 \u2013 10 vinkki\u00e4: koe ainakin n\u00e4m\u00e4 kes\u00e4kohteet, tapahtumat ja el\u00e4mykset Oulussa t\u00e4n\u00e4 kes\u00e4n\u00e4!\"}]},{\"@type\":\"WebSite\",\"@id\":\"https:\/\/visitoulufi-2025-10-14_10_27_17.test.cchosting.fi\/#website\",\"url\":\"https:\/\/visitoulufi-2025-10-14_10_27_17.test.cchosting.fi\/\",\"name\":\"Visit Oulu\",\"description\":\"\",\"potentialAction\":[{\"@type\":\"SearchAction\",\"target\":{\"@type\":\"EntryPoint\",\"urlTemplate\":\"https:\/\/visitoulufi-2025-10-14_10_27_17.test.cchosting.fi\/?s={search_term_string}\"},\"query-input\":{\"@type\":\"PropertyValueSpecification\",\"valueRequired\":true,\"valueName\":\"search_term_string\"}}],\"inLanguage\":\"fi\"},{\"@type\":\"Person\",\"@id\":\"https:\/\/visitoulufi-2025-10-14_10_27_17.test.cchosting.fi\/#\/schema\/person\/e4fa22cddd885815635ef576a4671ea5\",\"name\":\"Martta Tervonen\",\"image\":{\"@type\":\"ImageObject\",\"inLanguage\":\"fi\",\"@id\":\"https:\/\/visitoulufi-2025-10-14_10_27_17.test.cchosting.fi\/#\/schema\/person\/image\/f7518900e54810cb0b6e210276371a2b\",\"url\":\"https:\/\/secure.gravatar.com\/avatar\/5d56cbcb037a03cd27f55c0d517ea5d960decae21472e09ed443ee49b54972e6?s=96&d=mm&r=g\",\"contentUrl\":\"https:\/\/secure.gravatar.com\/avatar\/5d56cbcb037a03cd27f55c0d517ea5d960decae21472e09ed443ee49b54972e6?s=96&d=mm&r=g\",\"caption\":\"Martta Tervonen\"},\"url\":\"http:\/\/visitoulufi-2025-10-14_10_27_17.test.cchosting.fi\/fi\/author\/martta\/\"}]}<\/script>\n<!-- \/ Yoast SEO plugin. -->",
    "yoast_head_json": {
        "title": "Oulun kes\u00e4 2025 \u2013 10 vinkki\u00e4: koe ainakin n\u00e4m\u00e4 kes\u00e4kohteet, tapahtumat ja el\u00e4mykset Oulussa t\u00e4n\u00e4 kes\u00e4n\u00e4! - Visit Oulu",
        "description": "T\u00e4n\u00e4 kes\u00e4n\u00e4 Oulussa vietet\u00e4\u00e4n kaikkien aikojen tapahtumakes\u00e4\u00e4! Oulu on Euroopan kulttuurip\u00e4\u00e4kaupunki vuonna 2026.",
        "robots": {
            "index": "index",
            "follow": "follow",
            "max-snippet": "max-snippet:-1",
            "max-image-preview": "max-image-preview:large",
            "max-video-preview": "max-video-preview:-1"
        },
        "canonical": "https:\/\/visitoulufi-2025-10-14_10_27_17.test.cchosting.fi\/fi\/kesa-tekemista-tapahtumat-oulussa2025\/",
        "og_locale": "fi_FI",
        "og_type": "article",
        "og_title": "Oulun kes\u00e4 2025 \u2013 10 vinkki\u00e4: koe ainakin n\u00e4m\u00e4 kes\u00e4kohteet, tapahtumat ja el\u00e4mykset Oulussa t\u00e4n\u00e4 kes\u00e4n\u00e4! - Visit Oulu",
        "og_description": "T\u00e4n\u00e4 kes\u00e4n\u00e4 Oulussa vietet\u00e4\u00e4n kaikkien aikojen tapahtumakes\u00e4\u00e4! Oulu on Euroopan kulttuurip\u00e4\u00e4kaupunki vuonna 2026.",
        "og_url": "https:\/\/visitoulufi-2025-10-14_10_27_17.test.cchosting.fi\/fi\/kesa-tekemista-tapahtumat-oulussa2025\/",
        "og_site_name": "Visit Oulu",
        "article_published_time": "2025-06-16T06:48:06+00:00",
        "article_modified_time": "2025-06-30T10:55:52+00:00",
        "og_image": [
            {
                "width": 1152,
                "height": 1536,
                "url": "https:\/\/visitoulufi-2025-10-14_10_27_17.test.cchosting.fi\/wp-content\/uploads\/2024\/05\/PIKISAARI.jpg",
                "type": "image\/jpeg"
            }
        ],
        "author": "Martta Tervonen",
        "twitter_card": "summary_large_image",
        "twitter_misc": {
            "Kirjoittanut": "Martta Tervonen",
            "Arvioitu lukuaika": "15 minuuttia",
            "Written by": "Martta Tervonen"
        },
        "schema": {
            "@context": "https:\/\/schema.org",
            "@graph": [
                {
                    "@type": "WebPage",
                    "@id": "https:\/\/visitoulufi-2025-10-14_10_27_17.test.cchosting.fi\/kesa-tekemista-tapahtumat-oulussa2025\/",
                    "url": "https:\/\/visitoulufi-2025-10-14_10_27_17.test.cchosting.fi\/kesa-tekemista-tapahtumat-oulussa2025\/",
                    "name": "Oulun kes\u00e4 2025 \u2013 10 vinkki\u00e4: koe ainakin n\u00e4m\u00e4 kes\u00e4kohteet, tapahtumat ja el\u00e4mykset Oulussa t\u00e4n\u00e4 kes\u00e4n\u00e4! - Visit Oulu",
                    "isPartOf": {
                        "@id": "https:\/\/visitoulufi-2025-10-14_10_27_17.test.cchosting.fi\/#website"
                    },
                    "primaryImageOfPage": {
                        "@id": "https:\/\/visitoulufi-2025-10-14_10_27_17.test.cchosting.fi\/kesa-tekemista-tapahtumat-oulussa2025\/#primaryimage"
                    },
                    "image": {
                        "@id": "https:\/\/visitoulufi-2025-10-14_10_27_17.test.cchosting.fi\/kesa-tekemista-tapahtumat-oulussa2025\/#primaryimage"
                    },
                    "thumbnailUrl": "https:\/\/visitoulufi-2025-10-14_10_27_17.test.cchosting.fi\/wp-content\/uploads\/2024\/05\/PIKISAARI.jpg",
                    "datePublished": "2025-06-16T06:48:06+00:00",
                    "dateModified": "2025-06-30T10:55:52+00:00",
                    "author": {
                        "@id": "https:\/\/visitoulufi-2025-10-14_10_27_17.test.cchosting.fi\/#\/schema\/person\/e4fa22cddd885815635ef576a4671ea5"
                    },
                    "description": "T\u00e4n\u00e4 kes\u00e4n\u00e4 Oulussa vietet\u00e4\u00e4n kaikkien aikojen tapahtumakes\u00e4\u00e4! Oulu on Euroopan kulttuurip\u00e4\u00e4kaupunki vuonna 2026.",
                    "breadcrumb": {
                        "@id": "https:\/\/visitoulufi-2025-10-14_10_27_17.test.cchosting.fi\/kesa-tekemista-tapahtumat-oulussa2025\/#breadcrumb"
                    },
                    "inLanguage": "fi",
                    "potentialAction": [
                        {
                            "@type": "ReadAction",
                            "target": [
                                "https:\/\/visitoulufi-2025-10-14_10_27_17.test.cchosting.fi\/kesa-tekemista-tapahtumat-oulussa2025\/"
                            ]
                        }
                    ]
                },
                {
                    "@type": "ImageObject",
                    "inLanguage": "fi",
                    "@id": "https:\/\/visitoulufi-2025-10-14_10_27_17.test.cchosting.fi\/kesa-tekemista-tapahtumat-oulussa2025\/#primaryimage",
                    "url": "https:\/\/visitoulufi-2025-10-14_10_27_17.test.cchosting.fi\/wp-content\/uploads\/2024\/05\/PIKISAARI.jpg",
                    "contentUrl": "https:\/\/visitoulufi-2025-10-14_10_27_17.test.cchosting.fi\/wp-content\/uploads\/2024\/05\/PIKISAARI.jpg",
                    "width": 1152,
                    "height": 1536
                },
                {
                    "@type": "BreadcrumbList",
                    "@id": "https:\/\/visitoulufi-2025-10-14_10_27_17.test.cchosting.fi\/kesa-tekemista-tapahtumat-oulussa2025\/#breadcrumb",
                    "itemListElement": [
                        {
                            "@type": "ListItem",
                            "position": 1,
                            "name": "Etusivu",
                            "item": "https:\/\/visitoulufi-2025-10-14_10_27_17.test.cchosting.fi\/"
                        },
                        {
                            "@type": "ListItem",
                            "position": 2,
                            "name": "Oulun kes\u00e4 2025 \u2013 10 vinkki\u00e4: koe ainakin n\u00e4m\u00e4 kes\u00e4kohteet, tapahtumat ja el\u00e4mykset Oulussa t\u00e4n\u00e4 kes\u00e4n\u00e4!"
                        }
                    ]
                },
                {
                    "@type": "WebSite",
                    "@id": "https:\/\/visitoulufi-2025-10-14_10_27_17.test.cchosting.fi\/#website",
                    "url": "https:\/\/visitoulufi-2025-10-14_10_27_17.test.cchosting.fi\/",
                    "name": "Visit Oulu",
                    "description": "",
                    "potentialAction": [
                        {
                            "@type": "SearchAction",
                            "target": {
                                "@type": "EntryPoint",
                                "urlTemplate": "https:\/\/visitoulufi-2025-10-14_10_27_17.test.cchosting.fi\/?s={search_term_string}"
                            },
                            "query-input": {
                                "@type": "PropertyValueSpecification",
                                "valueRequired": true,
                                "valueName": "search_term_string"
                            }
                        }
                    ],
                    "inLanguage": "fi"
                },
                {
                    "@type": "Person",
                    "@id": "https:\/\/visitoulufi-2025-10-14_10_27_17.test.cchosting.fi\/#\/schema\/person\/e4fa22cddd885815635ef576a4671ea5",
                    "name": "Martta Tervonen",
                    "image": {
                        "@type": "ImageObject",
                        "inLanguage": "fi",
                        "@id": "https:\/\/visitoulufi-2025-10-14_10_27_17.test.cchosting.fi\/#\/schema\/person\/image\/f7518900e54810cb0b6e210276371a2b",
                        "url": "https:\/\/secure.gravatar.com\/avatar\/5d56cbcb037a03cd27f55c0d517ea5d960decae21472e09ed443ee49b54972e6?s=96&d=mm&r=g",
                        "contentUrl": "https:\/\/secure.gravatar.com\/avatar\/5d56cbcb037a03cd27f55c0d517ea5d960decae21472e09ed443ee49b54972e6?s=96&d=mm&r=g",
                        "caption": "Martta Tervonen"
                    },
                    "url": "http:\/\/visitoulufi-2025-10-14_10_27_17.test.cchosting.fi\/fi\/author\/martta\/"
                }
            ]
        }
    },
    "_links": {
        "self": [
            {
                "href": "http:\/\/visitoulufi-2025-10-14_10_27_17.test.cchosting.fi\/fi\/wp-json\/wp\/v2\/posts\/7510",
                "targetHints": {
                    "allow": [
                        "GET"
                    ]
                }
            }
        ],
        "collection": [
            {
                "href": "http:\/\/visitoulufi-2025-10-14_10_27_17.test.cchosting.fi\/fi\/wp-json\/wp\/v2\/posts"
            }
        ],
        "about": [
            {
                "href": "http:\/\/visitoulufi-2025-10-14_10_27_17.test.cchosting.fi\/fi\/wp-json\/wp\/v2\/types\/post"
            }
        ],
        "author": [
            {
                "embeddable": true,
                "href": "http:\/\/visitoulufi-2025-10-14_10_27_17.test.cchosting.fi\/fi\/wp-json\/wp\/v2\/users\/16"
            }
        ],
        "replies": [
            {
                "embeddable": true,
                "href": "http:\/\/visitoulufi-2025-10-14_10_27_17.test.cchosting.fi\/fi\/wp-json\/wp\/v2\/comments?post=7510"
            }
        ],
        "version-history": [
            {
                "count": 274,
                "href": "http:\/\/visitoulufi-2025-10-14_10_27_17.test.cchosting.fi\/fi\/wp-json\/wp\/v2\/posts\/7510\/revisions"
            }
        ],
        "predecessor-version": [
            {
                "id": 11052,
                "href": "http:\/\/visitoulufi-2025-10-14_10_27_17.test.cchosting.fi\/fi\/wp-json\/wp\/v2\/posts\/7510\/revisions\/11052"
            }
        ],
        "wp:featuredmedia": [
            {
                "embeddable": true,
                "href": "http:\/\/visitoulufi-2025-10-14_10_27_17.test.cchosting.fi\/fi\/wp-json\/wp\/v2\/media\/7649"
            }
        ],
        "wp:attachment": [
            {
                "href": "http:\/\/visitoulufi-2025-10-14_10_27_17.test.cchosting.fi\/fi\/wp-json\/wp\/v2\/media?parent=7510"
            }
        ],
        "wp:term": [
            {
                "taxonomy": "category",
                "embeddable": true,
                "href": "http:\/\/visitoulufi-2025-10-14_10_27_17.test.cchosting.fi\/fi\/wp-json\/wp\/v2\/categories?post=7510"
            },
            {
                "taxonomy": "post_tag",
                "embeddable": true,
                "href": "http:\/\/visitoulufi-2025-10-14_10_27_17.test.cchosting.fi\/fi\/wp-json\/wp\/v2\/tags?post=7510"
            },
            {
                "taxonomy": "author",
                "embeddable": true,
                "href": "http:\/\/visitoulufi-2025-10-14_10_27_17.test.cchosting.fi\/fi\/wp-json\/wp\/v2\/coauthors?post=7510"
            }
        ],
        "curies": [
            {
                "name": "wp",
                "href": "https:\/\/api.w.org\/{rel}",
                "templated": true
            }
        ]
    }
}